{"id":28,"date":"2025-08-25T15:27:02","date_gmt":"2025-08-25T18:27:02","guid":{"rendered":"https:\/\/bvg.net.br\/?p=28"},"modified":"2025-08-25T15:32:15","modified_gmt":"2025-08-25T18:32:15","slug":"historia-da-cidade","status":"publish","type":"post","link":"https:\/\/bvg.net.br\/?p=28","title":{"rendered":"Hist\u00f3ria da Cidade"},"content":{"rendered":"\n<h2 class=\"wp-block-heading\">Hist\u00f3ria de Bela Vista de Goi\u00e1s<\/h2>\n\n\n\n<h3 class=\"wp-block-heading\">Origem e Funda\u00e7\u00e3o<\/h3>\n\n\n\n<ul class=\"wp-block-list\">\n<li>A regi\u00e3o come\u00e7ou a se formar <strong>na primeira metade do s\u00e9culo XIX<\/strong>, \u00e0s margens do c\u00f3rrego Sussuapara, como parada de tropeiros que viajavam de Minas Gerais para Goi\u00e1s. Eles ergueram um \u201crancho dos tropeiros\u201d, que deu origem ao povoado inicial <a href=\"https:\/\/belavistadegoias.go.leg.br\/historia\/?utm_source=chatgpt.com\" target=\"_blank\" rel=\"noreferrer noopener\">belavistadegoias.go.leg.br<\/a><a href=\"https:\/\/curtamais.com.br\/goiania\/cidade-goiana-bela-vista-de-goias\/?utm_source=chatgpt.com\" target=\"_blank\" rel=\"noreferrer noopener\">Curta Mais &#8211; Goi\u00e2nia<\/a>.<\/li>\n\n\n\n<li>O desenvolvimento tamb\u00e9m se impulsionou pela religiosidade: <strong>Jos\u00e9 Bernardo Pereira, sua esposa Inoc\u00eancia Maria de Jesus e Jos\u00e9 Inoc\u00eancio Teles fizeram doa\u00e7\u00f5es de terras para a constru\u00e7\u00e3o de uma casa de ora\u00e7\u00e3o dedicada a Nossa Senhora da Piedade<\/strong> <a href=\"https:\/\/www.agm-go.org.br\/municipio\/bela-vista-de-goias\/?utm_source=chatgpt.com\" target=\"_blank\" rel=\"noreferrer noopener\">agm-go.org.br<\/a><a href=\"https:\/\/id.scribd.com\/document\/575481074\/Historia-Bela-Vista-de-Goias-Revisada-2022?utm_source=chatgpt.com\" target=\"_blank\" rel=\"noreferrer noopener\">Scribd<\/a>.<\/li>\n\n\n\n<li>A figura de <strong>Dona Josefa Teles<\/strong>, irm\u00e3 de Jos\u00e9 Inoc\u00eancio, foi decisiva: ela constru\u00eda uma capelinha e reunia os poucos moradores locais para rezar, criando um ponto de conviv\u00eancia e identidade para o lugar <a href=\"https:\/\/www.agm-go.org.br\/municipio\/bela-vista-de-goias\/?utm_source=chatgpt.com\" target=\"_blank\" rel=\"noreferrer noopener\">agm-go.org.br<\/a><a href=\"https:\/\/www.docsity.com\/pt\/docs\/livro-reportagem-dama-dos-buritizais-sussurrantes-a-historia-de-bela-vista-de-goias\/4890531\/?utm_source=chatgpt.com\" target=\"_blank\" rel=\"noreferrer noopener\">Docsity<\/a>.<\/li>\n<\/ul>\n\n\n\n<h3 class=\"wp-block-heading\">Eleva\u00e7\u00e3o a Distrito e Munic\u00edpio<\/h3>\n\n\n\n<ul class=\"wp-block-list\">\n<li>Em <strong>1876<\/strong>, foi criado o <strong>curato<\/strong> (par\u00f3quia) na \u00e1rea <a href=\"https:\/\/curtamais.com.br\/goiania\/cidade-goiana-bela-vista-de-goias\/?utm_source=chatgpt.com\" target=\"_blank\" rel=\"noreferrer noopener\">Curta Mais &#8211; Goi\u00e2nia<\/a><a href=\"https:\/\/www.docsity.com\/pt\/docs\/livro-reportagem-dama-dos-buritizais-sussurrantes-a-historia-de-bela-vista-de-goias\/4890531\/?utm_source=chatgpt.com\" target=\"_blank\" rel=\"noreferrer noopener\">Docsity<\/a>.<\/li>\n\n\n\n<li>Em <strong>1880<\/strong>, o lugar foi elevado \u00e0 <strong>freguesia (distrito)<\/strong> com o nome de Bela Vista, subordinado ao munic\u00edpio de Bonfim (atual Silv\u00e2nia) <a href=\"https:\/\/belavistadegoias.go.leg.br\/historia\/?utm_source=chatgpt.com\" target=\"_blank\" rel=\"noreferrer noopener\">belavistadegoias.go.leg.br<\/a><a href=\"https:\/\/www.agm-go.org.br\/municipio\/bela-vista-de-goias\/?utm_source=chatgpt.com\" target=\"_blank\" rel=\"noreferrer noopener\">agm-go.org.br<\/a>.<\/li>\n\n\n\n<li>Em <strong>5 de junho de 1896<\/strong>, pela <strong>Lei Estadual n\u00ba 100<\/strong>, Bela Vista tornou-se um munic\u00edpio independente, desmembrado de Bonfim <a href=\"https:\/\/belavistadegoias.go.leg.br\/historia\/?utm_source=chatgpt.com\" target=\"_blank\" rel=\"noreferrer noopener\">belavistadegoias.go.leg.br<\/a><a href=\"https:\/\/curtamais.com.br\/goiania\/cidade-goiana-bela-vista-de-goias\/?utm_source=chatgpt.com\" target=\"_blank\" rel=\"noreferrer noopener\">Curta Mais &#8211; Goi\u00e2nia<\/a>.<\/li>\n<\/ul>\n\n\n\n<h3 class=\"wp-block-heading\">Altera\u00e7\u00e3o de Nome<\/h3>\n\n\n\n<ul class=\"wp-block-list\">\n<li>Em <strong>1943<\/strong>, o nome do munic\u00edpio foi alterado para <strong>Sussuapara<\/strong>, em refer\u00eancia ao c\u00f3rrego da regi\u00e3o <a href=\"https:\/\/belavistadegoias.go.leg.br\/historia\/?utm_source=chatgpt.com\" target=\"_blank\" rel=\"noreferrer noopener\">belavistadegoias.go.leg.br<\/a><a href=\"https:\/\/www.agm-go.org.br\/municipio\/bela-vista-de-goias\/?utm_source=chatgpt.com\" target=\"_blank\" rel=\"noreferrer noopener\">agm-go.org.br<\/a>.<\/li>\n\n\n\n<li>Em <strong>1953<\/strong>, pela Lei Estadual n\u00ba 755, devolveu-se \u00e0 cidade o nome atual: <strong>Bela Vista de Goi\u00e1s<\/strong> <a href=\"https:\/\/belavistadegoias.go.leg.br\/historia\/?utm_source=chatgpt.com\" target=\"_blank\" rel=\"noreferrer noopener\">belavistadegoias.go.leg.br<\/a><a href=\"https:\/\/www.agm-go.org.br\/municipio\/bela-vista-de-goias\/?utm_source=chatgpt.com\" target=\"_blank\" rel=\"noreferrer noopener\">agm-go.org.br<\/a>.<\/li>\n<\/ul>\n\n\n\n<h3 class=\"wp-block-heading\">Crescimento Urbano e Marcas Hist\u00f3ricas<\/h3>\n\n\n\n<ul class=\"wp-block-list\">\n<li>A cidade cresceu em torno da igreja e da pra\u00e7a principal, espalhando-se ao longo do C\u00f3rrego Sussuapara. Hoje, Bela Vista de Goi\u00e1s conta com dezenas de bairros e um centro urbano bem estruturado <a href=\"https:\/\/pt.scribd.com\/document\/575481074\/Historia-Bela-Vista-de-Goias-Revisada-2022?utm_source=chatgpt.com\" target=\"_blank\" rel=\"noreferrer noopener\">Scribd<\/a><a href=\"https:\/\/id.scribd.com\/document\/575481074\/Historia-Bela-Vista-de-Goias-Revisada-2022?utm_source=chatgpt.com\" target=\"_blank\" rel=\"noreferrer noopener\">Scribd<\/a>.<\/li>\n\n\n\n<li>Destaques hist\u00f3ricos incluem:\n<ul class=\"wp-block-list\">\n<li>A <strong>Casa do Senador Canedo<\/strong>, constru\u00edda por volta de 1860 e tombada pelo IPHAN, que hoje funciona como espa\u00e7o cultural <a href=\"https:\/\/pt.wikipedia.org\/wiki\/Casa_do_Senador_Canedo?utm_source=chatgpt.com\" target=\"_blank\" rel=\"noreferrer noopener\">Wikip\u00e9dia+1<\/a>.<\/li>\n\n\n\n<li>O <strong>Casar\u00e3o Silva Canedo<\/strong>, s\u00edmbolo arquitet\u00f4nico preservado no centro <a href=\"https:\/\/curtamais.com.br\/goiania\/cidade-goiana-bela-vista-de-goias\/?utm_source=chatgpt.com\" target=\"_blank\" rel=\"noreferrer noopener\">Curta Mais &#8211; Goi\u00e2nia<\/a><a href=\"https:\/\/pt.wikipedia.org\/wiki\/Bela_Vista_de_Goi%C3%A1s?utm_source=chatgpt.com\" target=\"_blank\" rel=\"noreferrer noopener\">Wikip\u00e9dia<\/a>.<\/li>\n<\/ul>\n<\/li>\n<\/ul>\n\n\n\n<h3 class=\"wp-block-heading\">Economia e Cultura Local<\/h3>\n\n\n\n<ul class=\"wp-block-list\">\n<li>Historicamente, Bela Vista teve forte economia baseada em agropecu\u00e1ria, especialmente na produ\u00e7\u00e3o de <strong>fumo de rolo<\/strong>, com destaque nos anos 1930\u20131950 como a \u201cCapital do Fumo Brasileiro\u201d <a href=\"https:\/\/www.ferias.tur.br\/cidade\/2088\/bela-vista-de-goias-go.html?utm_source=chatgpt.com\" target=\"_blank\" rel=\"noreferrer noopener\">F\u00e9rias Tur Brasil<\/a><a href=\"https:\/\/politikey.com.br\/cidades-de-goias-bela-vista-e-sua-historia-fascinante\/?utm_source=chatgpt.com\" target=\"_blank\" rel=\"noreferrer noopener\">politikey.com.br<\/a>.<\/li>\n\n\n\n<li>Desde a d\u00e9cada de <strong>1980<\/strong>, tornou-se <strong>a terceira maior bacia leiteira de Goi\u00e1s<\/strong>, com crescimento na agricultura (mandioca, milho, soja, arroz) e na ind\u00fastria de latic\u00ednios <a href=\"https:\/\/curtamais.com.br\/goiania\/cidade-goiana-bela-vista-de-goias\/?utm_source=chatgpt.com\" target=\"_blank\" rel=\"noreferrer noopener\">Curta Mais &#8211; Goi\u00e2nia<\/a><a href=\"https:\/\/www.ferias.tur.br\/cidade\/2088\/bela-vista-de-goias-go.html?utm_source=chatgpt.com\" target=\"_blank\" rel=\"noreferrer noopener\">F\u00e9rias Tur Brasil<\/a><a href=\"https:\/\/painelmunicipal.imb.go.gov.br\/visao\/localidadehistorico.php?utm_source=chatgpt.com\" target=\"_blank\" rel=\"noreferrer noopener\">painelmunicipal.imb.go.gov.br<\/a>.<\/li>\n\n\n\n<li>Um setor curioso: <strong>estrutiocultura<\/strong>, ou cria\u00e7\u00e3o de avestruzes, tem ganhado aten\u00e7\u00e3o mais recentemente <a href=\"https:\/\/curtamais.com.br\/goiania\/cidade-goiana-bela-vista-de-goias\/?utm_source=chatgpt.com\" target=\"_blank\" rel=\"noreferrer noopener\">Curta Mais &#8211; Goi\u00e2nia<\/a>.<\/li>\n<\/ul>\n\n\n\n<h3 class=\"wp-block-heading\">Patrim\u00f4nio Cultural<\/h3>\n\n\n\n<ul class=\"wp-block-list\">\n<li>A cidade \u00e9 reconhecida como \u201c<strong>Terra dos Buritizais Sussurrantes<\/strong>\u201d, uma express\u00e3o po\u00e9tica que destaca a beleza da paisagem local <a href=\"https:\/\/pt.scribd.com\/document\/575481074\/Historia-Bela-Vista-de-Goias-Revisada-2022?utm_source=chatgpt.com\" target=\"_blank\" rel=\"noreferrer noopener\">Scribd<\/a><a href=\"https:\/\/curtamais.com.br\/goiania\/bela-vista-cerrado-icone-literatura\/?utm_source=chatgpt.com\" target=\"_blank\" rel=\"noreferrer noopener\">Curta Mais &#8211; Goi\u00e2nia<\/a>.<\/li>\n\n\n\n<li>Al\u00e9m disso, \u00e9 ber\u00e7o do contador de causos <strong>Geraldinho Nogueira<\/strong>, figura emblem\u00e1tica da cultura caipira, e do poeta e cr\u00edtico <strong>Gilberto Mendon\u00e7a Teles<\/strong>, que marcou o cen\u00e1rio liter\u00e1rio nacional <a href=\"https:\/\/pt.wikipedia.org\/wiki\/Geraldinho_Nogueira?utm_source=chatgpt.com\" target=\"_blank\" rel=\"noreferrer noopener\">Wikip\u00e9dia<\/a><a href=\"https:\/\/curtamais.com.br\/goiania\/bela-vista-cerrado-icone-literatura\/?utm_source=chatgpt.com\" target=\"_blank\" rel=\"noreferrer noopener\">Curta Mais &#8211; Goi\u00e2nia<\/a>.<\/li>\n<\/ul>\n\n\n\n<h3 class=\"wp-block-heading\">Curiosidades e Dados Adicionais<\/h3>\n\n\n\n<ul class=\"wp-block-list\">\n<li>A cidade completa <strong>129 anos de emancipa\u00e7\u00e3o em 2025<\/strong> <a href=\"https:\/\/curtamais.com.br\/goiania\/cidade-goiana-bela-vista-de-goias\/?utm_source=chatgpt.com\" target=\"_blank\" rel=\"noreferrer noopener\">Curta Mais &#8211; Goi\u00e2nia<\/a><a href=\"https:\/\/portalgo020.com.br\/2023\/06\/bela-vista-de-goias-completa-127-anos-com-inauguracoes-de-obras-e-avancos.html?utm_source=chatgpt.com\" target=\"_blank\" rel=\"noreferrer noopener\">portalgo020.com.br<\/a>.<\/li>\n\n\n\n<li>Est\u00e1 localizada a cerca de <strong>45 km de Goi\u00e2nia<\/strong>, integrando a Regi\u00e3o Metropolitana <a href=\"https:\/\/curtamais.com.br\/goiania\/cidade-goiana-bela-vista-de-goias\/?utm_source=chatgpt.com\" target=\"_blank\" rel=\"noreferrer noopener\">Curta Mais &#8211; Goi\u00e2nia<\/a><a href=\"https:\/\/pt.wikipedia.org\/wiki\/Bela_Vista_de_Goi%C3%A1s?utm_source=chatgpt.com\" target=\"_blank\" rel=\"noreferrer noopener\">Wikip\u00e9dia<\/a>.<\/li>\n<\/ul>\n\n\n\n<hr class=\"wp-block-separator has-alpha-channel-opacity\"\/>\n\n\n\n<h2 class=\"wp-block-heading\">Sugest\u00e3o de Estrutura para o Texto que Vai ao Site<\/h2>\n\n\n\n<ol class=\"wp-block-list\">\n<li><strong>T\u00edtulo:<\/strong> Hist\u00f3ria de Bela Vista de Goi\u00e1s<\/li>\n\n\n\n<li><strong>Subt\u00edtulo (opcional):<\/strong> Das ra\u00edzes tropeiras \u00e0 cidade das \u201cburitizais sussurrantes\u201d<\/li>\n\n\n\n<li><strong>Se\u00e7\u00f5es recomendadas:<\/strong>\n<ul class=\"wp-block-list\">\n<li><strong>Origens e Forma\u00e7\u00e3o<\/strong> \u2013 destacando os doadores de terra e a capela inicial.<\/li>\n\n\n\n<li><strong>Eleva\u00e7\u00e3o a Munic\u00edpio e mudan\u00e7as de nome<\/strong><\/li>\n\n\n\n<li><strong>Crescimento urbano e patrim\u00f4nio hist\u00f3rico<\/strong><\/li>\n\n\n\n<li><strong>Economia ao longo do tempo<\/strong><\/li>\n\n\n\n<li><strong>Cultura e personalidades locais<\/strong><\/li>\n\n\n\n<li><strong>Dados r\u00e1pidos e curiosidades<\/strong><\/li>\n<\/ul>\n<\/li>\n<\/ol>\n","protected":false},"excerpt":{"rendered":"<p>Hist\u00f3ria de Bela Vista de Goi\u00e1s Origem e Funda\u00e7\u00e3o Eleva\u00e7\u00e3o a Distrito e Munic\u00edpio Altera\u00e7\u00e3o de Nome Crescimento Urbano e Marcas Hist\u00f3ricas Economia e Cultura Local Patrim\u00f4nio Cultural Curiosidades e Dados Adicionais Sugest\u00e3o de Estrutura para o Texto que Vai ao Site<\/p>\n","protected":false},"author":1,"featured_media":0,"comment_status":"open","ping_status":"open","sticky":false,"template":"","format":"standard","meta":{"footnotes":""},"categories":[1],"tags":[],"class_list":["post-28","post","type-post","status-publish","format-standard","hentry","category-nao-classificado"],"_links":{"self":[{"href":"https:\/\/bvg.net.br\/index.php?rest_route=\/wp\/v2\/posts\/28","targetHints":{"allow":["GET"]}}],"collection":[{"href":"https:\/\/bvg.net.br\/index.php?rest_route=\/wp\/v2\/posts"}],"about":[{"href":"https:\/\/bvg.net.br\/index.php?rest_route=\/wp\/v2\/types\/post"}],"author":[{"embeddable":true,"href":"https:\/\/bvg.net.br\/index.php?rest_route=\/wp\/v2\/users\/1"}],"replies":[{"embeddable":true,"href":"https:\/\/bvg.net.br\/index.php?rest_route=%2Fwp%2Fv2%2Fcomments&post=28"}],"version-history":[{"count":3,"href":"https:\/\/bvg.net.br\/index.php?rest_route=\/wp\/v2\/posts\/28\/revisions"}],"predecessor-version":[{"id":37,"href":"https:\/\/bvg.net.br\/index.php?rest_route=\/wp\/v2\/posts\/28\/revisions\/37"}],"wp:attachment":[{"href":"https:\/\/bvg.net.br\/index.php?rest_route=%2Fwp%2Fv2%2Fmedia&parent=28"}],"wp:term":[{"taxonomy":"category","embeddable":true,"href":"https:\/\/bvg.net.br\/index.php?rest_route=%2Fwp%2Fv2%2Fcategories&post=28"},{"taxonomy":"post_tag","embeddable":true,"href":"https:\/\/bvg.net.br\/index.php?rest_route=%2Fwp%2Fv2%2Ftags&post=28"}],"curies":[{"name":"wp","href":"https:\/\/api.w.org\/{rel}","templated":true}]}}