{"id":31,"date":"2025-08-25T15:28:54","date_gmt":"2025-08-25T18:28:54","guid":{"rendered":"https:\/\/bvg.net.br\/?p=31"},"modified":"2025-08-25T15:28:54","modified_gmt":"2025-08-25T18:28:54","slug":"prefeitos-de-bela-vista-de-goias","status":"publish","type":"post","link":"https:\/\/bvg.net.br\/?p=31","title":{"rendered":"Prefeitos de Bela Vista de Goi\u00e1s"},"content":{"rendered":"\n<h2 class=\"wp-block-heading\"><\/h2>\n\n\n\n<ul class=\"wp-block-list\">\n<li><strong>1938 \u2013 1947<\/strong>: Sebasti\u00e3o Lobo<\/li>\n\n\n\n<li><strong>1947 \u2013 1950<\/strong>: Dr. Francisco Taveira<\/li>\n\n\n\n<li><strong>1950 \u2013 1954<\/strong>: Dr. Jos\u00e9 Camilo de Oliveira<\/li>\n\n\n\n<li><strong>1955 \u2013 1965<\/strong>: Sebasti\u00e3o Lobo (segunda gest\u00e3o)<\/li>\n\n\n\n<li><strong>1966 \u2013 1969<\/strong>: Gumercindo Manuel do Nascimento<\/li>\n\n\n\n<li><strong>1970 \u2013 1972<\/strong>: Orismundo Peixoto dos Santos<\/li>\n\n\n\n<li><strong>1973 \u2013 1976<\/strong>: Gumercindo Manuel do Nascimento (segunda gest\u00e3o)<\/li>\n\n\n\n<li><strong>1977 \u2013 1982<\/strong>: Jos\u00e9 Francisco Teles<\/li>\n\n\n\n<li><strong>1983 \u2013 1988<\/strong>: Vanderlan Celso e Silva<\/li>\n\n\n\n<li><strong>1989 \u2013 1992<\/strong>: Jos\u00e9 Francisco Teles (segunda gest\u00e3o)<\/li>\n\n\n\n<li><strong>1993 \u2013 1996<\/strong>: Vanderlan Celso e Silva (segunda gest\u00e3o)<\/li>\n\n\n\n<li><strong>1997 \u2013 2000<\/strong>: Jos\u00e9 Eduardo Ferreira Campanhan<\/li>\n\n\n\n<li><strong>01\/01\/2001 \u2013 07\/03\/2003<\/strong>: Otac\u00edlio Ricardo de Souza<\/li>\n\n\n\n<li><strong>08\/03\/2003 \u2013 01\/06\/2004<\/strong>: Wanderley Rodrigues de Siqueira<\/li>\n\n\n\n<li><strong>02\/06\/2004 \u2013 31\/12\/2004<\/strong>: Otac\u00edlio Ricardo de Souza (retorno)<\/li>\n\n\n\n<li><strong>2005 \u2013 2008<\/strong>: Wilson Marcos Teles<\/li>\n\n\n\n<li><strong>2009 \u2013 2016<\/strong>: Eur\u00edpedes Jos\u00e9 do Carmo<\/li>\n\n\n\n<li><strong>2017 \u2013 2024<\/strong>: N\u00e1rcia Kelly Alves da Silva<\/li>\n<\/ul>\n\n\n\n<hr class=\"wp-block-separator has-alpha-channel-opacity\"\/>\n\n\n\n<h2 class=\"wp-block-heading\">Prefeito Eleito para Iniciar Mandato em 2025<\/h2>\n\n\n\n<p>O pleito municipal de 2024 e declara\u00e7\u00f5es oficiais confirmam o nome do pr\u00f3ximo prefeito para o quadri\u00eanio 2025\u20132028:<\/p>\n\n\n\n<ul class=\"wp-block-list\">\n<li><strong>Elei\u00e7\u00e3o 2024<\/strong>: Eur\u00edpedes do Carmo (Podemos) foi eleito prefeito de Bela Vista de Goi\u00e1s e tomar\u00e1 posse em <strong>1\u00ba de janeiro de 2025<\/strong> <a href=\"https:\/\/www.cnnbrasil.com.br\/eleicoes\/euripedes-do-carmo-e-eleito-prefeito-de-bela-vista-de-goias-go\/?utm_source=chatgpt.com\" target=\"_blank\" rel=\"noreferrer noopener\">CNN Brasil<\/a><a href=\"https:\/\/cincodejunho.com.br\/news\/euripedes-do-carmo-pode-prefeito-eleito-de-bela-vista-de-goias-anuncia-equipe-de-governo?utm_source=chatgpt.com\" target=\"_blank\" rel=\"noreferrer noopener\">cincodejunho.com.br<\/a><a href=\"https:\/\/diaonline.ig.com.br\/2024\/10\/07\/eleicoes-2024-veja-a-lista-dos-prefeitos-eleitos-em-todas-as-cidades-de-goias\/?utm_source=chatgpt.com\" target=\"_blank\" rel=\"noreferrer noopener\">Dia Online<\/a>.<\/li>\n<\/ul>\n\n\n\n<hr class=\"wp-block-separator has-alpha-channel-opacity\"\/>\n\n\n\n<h2 class=\"wp-block-heading\">Resumo Atualizado<\/h2>\n\n\n\n<figure class=\"wp-block-table\"><table class=\"has-fixed-layout\"><thead><tr><th>Per\u00edodo<\/th><th>Prefeito<\/th><\/tr><\/thead><tbody><tr><td>1938\u20131947<\/td><td>Sebasti\u00e3o Lobo<\/td><\/tr><tr><td>1947\u20131950<\/td><td>Dr. Francisco Taveira<\/td><\/tr><tr><td>1950\u20131954<\/td><td>Dr. Jos\u00e9 Camilo de Oliveira<\/td><\/tr><tr><td>1955\u20131965<\/td><td>Sebasti\u00e3o Lobo (2\u00aa gest\u00e3o)<\/td><\/tr><tr><td>1966\u20131969<\/td><td>Gumercindo Manuel do Nascimento<\/td><\/tr><tr><td>1970\u20131972<\/td><td>Orismundo Peixoto dos Santos<\/td><\/tr><tr><td>1973\u20131976<\/td><td>Gumercindo Manuel do Nascimento (2\u00aa)<\/td><\/tr><tr><td>1977\u20131982<\/td><td>Jos\u00e9 Francisco Teles<\/td><\/tr><tr><td>1983\u20131988<\/td><td>Vanderlan Celso e Silva<\/td><\/tr><tr><td>1989\u20131992<\/td><td>Jos\u00e9 Francisco Teles (2\u00aa gest\u00e3o)<\/td><\/tr><tr><td>1993\u20131996<\/td><td>Vanderlan Celso e Silva (2\u00aa)<\/td><\/tr><tr><td>1997\u20132000<\/td><td>Jos\u00e9 Eduardo Ferreira Campanhan<\/td><\/tr><tr><td>2001\u20132003 (in\u00edcio)<\/td><td>Otac\u00edlio Ricardo de Souza<\/td><\/tr><tr><td>2003\u20132004 (interino)<\/td><td>Wanderley Rodrigues de Siqueira<\/td><\/tr><tr><td>2004 (retorno)<\/td><td>Otac\u00edlio Ricardo de Souza (retorno)<\/td><\/tr><tr><td>2005\u20132008<\/td><td>Wilson Marcos Teles<\/td><\/tr><tr><td>2009\u20132016<\/td><td>Eur\u00edpedes Jos\u00e9 do Carmo<\/td><\/tr><tr><td>2017\u20132024<\/td><td>N\u00e1rcia Kelly Alves da Silva<\/td><\/tr><tr><td>2025\u20132028 (in\u00edcio)<\/td><td>Eur\u00edpedes do Carmo (prefeito eleito)<\/td><\/tr><\/tbody><\/table><\/figure>\n","protected":false},"excerpt":{"rendered":"<p>Prefeito Eleito para Iniciar Mandato em 2025 O pleito municipal de 2024 e declara\u00e7\u00f5es oficiais confirmam o nome do pr\u00f3ximo prefeito para o quadri\u00eanio 2025\u20132028: Resumo Atualizado Per\u00edodo Prefeito 1938\u20131947 Sebasti\u00e3o Lobo 1947\u20131950 Dr. Francisco Taveira 1950\u20131954 Dr. Jos\u00e9 Camilo de Oliveira 1955\u20131965 Sebasti\u00e3o Lobo (2\u00aa gest\u00e3o) 1966\u20131969 Gumercindo Manuel do Nascimento 1970\u20131972 Orismundo Peixoto [&hellip;]<\/p>\n","protected":false},"author":1,"featured_media":0,"comment_status":"open","ping_status":"open","sticky":false,"template":"","format":"standard","meta":{"footnotes":""},"categories":[1],"tags":[],"class_list":["post-31","post","type-post","status-publish","format-standard","hentry","category-nao-classificado"],"_links":{"self":[{"href":"https:\/\/bvg.net.br\/index.php?rest_route=\/wp\/v2\/posts\/31","targetHints":{"allow":["GET"]}}],"collection":[{"href":"https:\/\/bvg.net.br\/index.php?rest_route=\/wp\/v2\/posts"}],"about":[{"href":"https:\/\/bvg.net.br\/index.php?rest_route=\/wp\/v2\/types\/post"}],"author":[{"embeddable":true,"href":"https:\/\/bvg.net.br\/index.php?rest_route=\/wp\/v2\/users\/1"}],"replies":[{"embeddable":true,"href":"https:\/\/bvg.net.br\/index.php?rest_route=%2Fwp%2Fv2%2Fcomments&post=31"}],"version-history":[{"count":1,"href":"https:\/\/bvg.net.br\/index.php?rest_route=\/wp\/v2\/posts\/31\/revisions"}],"predecessor-version":[{"id":32,"href":"https:\/\/bvg.net.br\/index.php?rest_route=\/wp\/v2\/posts\/31\/revisions\/32"}],"wp:attachment":[{"href":"https:\/\/bvg.net.br\/index.php?rest_route=%2Fwp%2Fv2%2Fmedia&parent=31"}],"wp:term":[{"taxonomy":"category","embeddable":true,"href":"https:\/\/bvg.net.br\/index.php?rest_route=%2Fwp%2Fv2%2Fcategories&post=31"},{"taxonomy":"post_tag","embeddable":true,"href":"https:\/\/bvg.net.br\/index.php?rest_route=%2Fwp%2Fv2%2Ftags&post=31"}],"curies":[{"name":"wp","href":"https:\/\/api.w.org\/{rel}","templated":true}]}}