{"id":34,"date":"2025-08-25T15:31:03","date_gmt":"2025-08-25T18:31:03","guid":{"rendered":"https:\/\/bvg.net.br\/?p=34"},"modified":"2025-08-25T15:31:40","modified_gmt":"2025-08-25T18:31:40","slug":"artistas-de-bela-vista-de-goias","status":"publish","type":"post","link":"https:\/\/bvg.net.br\/?p=34","title":{"rendered":"Artistas de Bela Vista de Goi\u00e1s"},"content":{"rendered":"\n<h2 class=\"wp-block-heading\">1. <strong>Gilberto Mendon\u00e7a Teles<\/strong><\/h2>\n\n\n\n<p>Poeta e cr\u00edtico liter\u00e1rio, nasceu em Bela Vista de Goi\u00e1s em 30 de junho de 1931. Tornou-se um dos principais nomes da literatura brasileira, difundindo a cultura do cerrado por meio de sua obra.<a href=\"https:\/\/curtamais.com.br\/goiania\/conheca-os-goianos-mais-famosos-de-todos-os-tempos\/?utm_source=chatgpt.com\" target=\"_blank\" rel=\"noreferrer noopener\">Curta Mais &#8211; Goi\u00e2nia<\/a><\/p>\n\n\n\n<h3 class=\"wp-block-heading\">2. <strong>Geraldinho Nogueira (Geraldo Policiano Nogueira)<\/strong><\/h3>\n\n\n\n<p>Contador de causos e narrador oral, nasceu em Bela Vista de Goi\u00e1s em 1918 e faleceu em 1993. Foi o &#8220;Rei do Causo&#8221;, famoso por suas hist\u00f3rias humor\u00edsticas que capturam a autenticidade do interior goiano. Ficou conhecido nacionalmente ap\u00f3s participar do programa <em>Frutos da Terra<\/em>, da TV Anhanguera, na d\u00e9cada de 1980.<a href=\"https:\/\/pt.wikipedia.org\/wiki\/Geraldinho_Nogueira?utm_source=chatgpt.com\" target=\"_blank\" rel=\"noreferrer noopener\">Wikip\u00e9dia<\/a><a href=\"https:\/\/www.dm.com.br\/opiniao\/2017\/01\/bela-vista-de-goias-capital-nacional-do-causo?utm_source=chatgpt.com\" target=\"_blank\" rel=\"noreferrer noopener\">DM<\/a><\/p>\n\n\n\n<h3 class=\"wp-block-heading\">3. <strong>Jo\u00e3o Barroso<\/strong><\/h3>\n\n\n\n<p>Amigo e companheiro de Geraldinho, tamb\u00e9m reconhecido entre os narradores populares da cidade. Ele contava causos com grande habilidade, fazendo parte do imagin\u00e1rio local.<a href=\"https:\/\/www.dm.com.br\/opiniao\/2017\/01\/bela-vista-de-goias-capital-nacional-do-causo?utm_source=chatgpt.com\" target=\"_blank\" rel=\"noreferrer noopener\">DM<\/a><\/p>\n\n\n\n<h3 class=\"wp-block-heading\">4. <strong>Jos\u00e9 Francisco Teles<\/strong><\/h3>\n\n\n\n<p>Ex-prefeito de Bela Vista, tamb\u00e9m conhecido por seu talento como contador de causos. Suas hist\u00f3rias, como as de outros artistas orais locais, encantam pela simplicidade e express\u00e3o regional.<a href=\"https:\/\/www.dm.com.br\/opiniao\/2017\/01\/bela-vista-de-goias-capital-nacional-do-causo?utm_source=chatgpt.com\" target=\"_blank\" rel=\"noreferrer noopener\">DM<\/a><\/p>\n\n\n\n<h3 class=\"wp-block-heading\">5. <strong>Odon Nogueira<\/strong><\/h3>\n\n\n\n<p>Artista pl\u00e1stico que expressa a cultura de Bela Vista por meio de esculturas em barro. Suas obras, profundamente ligadas \u00e0 vida e \u00e0 hist\u00f3ria do povo local, conquistaram reconhecimento nacional e internacional.<a href=\"https:\/\/www.dm.com.br\/opiniao\/2017\/01\/bela-vista-de-goias-capital-nacional-do-causo?utm_source=chatgpt.com\" target=\"_blank\" rel=\"noreferrer noopener\">DM<\/a><\/p>\n\n\n\n<h3 class=\"wp-block-heading\">6. <strong>Claudia Jeanne<\/strong><\/h3>\n\n\n\n<p>Pintora natural de Bela Vista de Goi\u00e1s, conhecida por retratar o amor em telas vibrantes com cora\u00e7\u00f5es \u2014 obras que foram exibidas internacionalmente.<a href=\"https:\/\/www.dm.com.br\/opiniao\/2017\/01\/bela-vista-de-goias-capital-nacional-do-causo?utm_source=chatgpt.com\" target=\"_blank\" rel=\"noreferrer noopener\">DM<\/a><\/p>\n\n\n\n<h3 class=\"wp-block-heading\">7. <strong>Nancy Ribeiro de Ara\u00fajo e Silva<\/strong><\/h3>\n\n\n\n<p>Professora e presidente da Academia Belavistense de Letras, destaque como intelectual e defensora da cultura local.<a href=\"https:\/\/www.dm.com.br\/opiniao\/2017\/01\/bela-vista-de-goias-capital-nacional-do-causo?utm_source=chatgpt.com\" target=\"_blank\" rel=\"noreferrer noopener\">DM<\/a><\/p>\n\n\n\n<h3 class=\"wp-block-heading\">8. <strong>Gilberto Mendon\u00e7a Teles e fam\u00edlia<\/strong><\/h3>\n\n\n\n<p>Al\u00e9m do j\u00e1 citado poeta, menciona-se tamb\u00e9m a presen\u00e7a cultural de sua fam\u00edlia \u2014 como Celuta e Jos\u00e9 Mendon\u00e7a Teles \u2014 que t\u00eam levado o nome da cidade ao reconhecimento internacional.<a href=\"https:\/\/www.dm.com.br\/opiniao\/2017\/01\/bela-vista-de-goias-capital-nacional-do-causo?utm_source=chatgpt.com\" target=\"_blank\" rel=\"noreferrer noopener\">DM<\/a><\/p>\n\n\n\n<h3 class=\"wp-block-heading\">9. <strong>Autores contempor\u00e2neos da arte participativa<\/strong><\/h3>\n\n\n\n<p>Durante a <strong>Exposi\u00e7\u00e3o Innovar<\/strong>, realizada em Bela Vista em maio de 2025, a cidade recebeu obras de:<\/p>\n\n\n\n<ul class=\"wp-block-list\">\n<li><strong>Aline Bagre<\/strong> \u2014 bordados afetivos com forte v\u00ednculo com mem\u00f3rias e coletividade<\/li>\n\n\n\n<li><strong>Maicon Soares<\/strong> \u2014 esculturas com metal reciclado, aliando arte e sustentabilidade<\/li>\n\n\n\n<li><strong>Carlos Ant\u00f4nio, Valmir Neves e Tuka Pereira<\/strong> \u2014 cer\u00e2micas que valorizam a arte popular regional<\/li>\n\n\n\n<li><strong>Ivaan Hansen<\/strong> \u2014 pinturas contempor\u00e2neas com diversas tem\u00e1ticas atuais<a href=\"https:\/\/ohoje.com\/2025\/05\/16\/innovar-leva-arte-interativa-e-debate-ambiental-a-bela-vista-de-goias\/?utm_source=chatgpt.com\" target=\"_blank\" rel=\"noreferrer noopener\">O Hoje<\/a><a href=\"https:\/\/jornaltudoaqui.com.br\/cultura-e-entretenimento\/bela-vista-de-goias-recebe-a-exposicao-innovar-com-arte-cultura-e-sustentabilidade?utm_source=chatgpt.com\" target=\"_blank\" rel=\"noreferrer noopener\">Jornal Tudo Aqui<\/a><a href=\"https:\/\/cincodejunho.com.br\/news\/exposicao-innovar-transforma-bela-vista-de-goias-em-um-centro-cultural-entre-arte-e-sustentabilidade?utm_source=chatgpt.com\" target=\"_blank\" rel=\"noreferrer noopener\">cincodejunho.com.br<\/a><\/li>\n<\/ul>\n\n\n\n<hr class=\"wp-block-separator has-alpha-channel-opacity\"\/>\n\n\n\n<h3 class=\"wp-block-heading\">Resumo dos Artistas de Bela Vista de Goi\u00e1s<\/h3>\n\n\n\n<figure class=\"wp-block-table\"><table class=\"has-fixed-layout\"><thead><tr><th>Nome<\/th><th>\u00c1rea \/ Destaque<\/th><\/tr><\/thead><tbody><tr><td>Gilberto Mendon\u00e7a Teles<\/td><td>Poesia e cr\u00edtica liter\u00e1ria<\/td><\/tr><tr><td>Geraldinho Nogueira<\/td><td>Contador de causos, cultura oral<\/td><\/tr><tr><td>Jo\u00e3o Barroso<\/td><td>Narrador de causos local<\/td><\/tr><tr><td>Jos\u00e9 Francisco Teles<\/td><td>Contador de causos, ex-prefeito<\/td><\/tr><tr><td>Odon Nogueira<\/td><td>Esculturas em barro, arte popular<\/td><\/tr><tr><td>Claudia Jeanne<\/td><td>Pintura com foco no amor, exposi\u00e7\u00e3o internacional<\/td><\/tr><tr><td>Nancy Ribeiro de Ara\u00fajo e Silva<\/td><td>Literatura e defesa cultural local<\/td><\/tr><tr><td>Fam\u00edlia Mendon\u00e7a Teles<\/td><td>Contribui\u00e7\u00e3o liter\u00e1ria e cultural<\/td><\/tr><tr><td>Aline Bagre, Maicon Soares, Carlos Ant\u00f4nio, Valmir Neves, Tuka Pereira, Ivaan Hansen<\/td><td>Arte contempor\u00e2nea na \u201cInnovar\u201d<\/td><\/tr><\/tbody><\/table><\/figure>\n","protected":false},"excerpt":{"rendered":"<p>1. Gilberto Mendon\u00e7a Teles Poeta e cr\u00edtico liter\u00e1rio, nasceu em Bela Vista de Goi\u00e1s em 30 de junho de 1931. Tornou-se um dos principais nomes da literatura brasileira, difundindo a cultura do cerrado por meio de sua obra.Curta Mais &#8211; Goi\u00e2nia 2. Geraldinho Nogueira (Geraldo Policiano Nogueira) Contador de causos e narrador oral, nasceu em [&hellip;]<\/p>\n","protected":false},"author":1,"featured_media":0,"comment_status":"open","ping_status":"open","sticky":false,"template":"","format":"standard","meta":{"footnotes":""},"categories":[1],"tags":[],"class_list":["post-34","post","type-post","status-publish","format-standard","hentry","category-nao-classificado"],"_links":{"self":[{"href":"https:\/\/bvg.net.br\/index.php?rest_route=\/wp\/v2\/posts\/34","targetHints":{"allow":["GET"]}}],"collection":[{"href":"https:\/\/bvg.net.br\/index.php?rest_route=\/wp\/v2\/posts"}],"about":[{"href":"https:\/\/bvg.net.br\/index.php?rest_route=\/wp\/v2\/types\/post"}],"author":[{"embeddable":true,"href":"https:\/\/bvg.net.br\/index.php?rest_route=\/wp\/v2\/users\/1"}],"replies":[{"embeddable":true,"href":"https:\/\/bvg.net.br\/index.php?rest_route=%2Fwp%2Fv2%2Fcomments&post=34"}],"version-history":[{"count":2,"href":"https:\/\/bvg.net.br\/index.php?rest_route=\/wp\/v2\/posts\/34\/revisions"}],"predecessor-version":[{"id":36,"href":"https:\/\/bvg.net.br\/index.php?rest_route=\/wp\/v2\/posts\/34\/revisions\/36"}],"wp:attachment":[{"href":"https:\/\/bvg.net.br\/index.php?rest_route=%2Fwp%2Fv2%2Fmedia&parent=34"}],"wp:term":[{"taxonomy":"category","embeddable":true,"href":"https:\/\/bvg.net.br\/index.php?rest_route=%2Fwp%2Fv2%2Fcategories&post=34"},{"taxonomy":"post_tag","embeddable":true,"href":"https:\/\/bvg.net.br\/index.php?rest_route=%2Fwp%2Fv2%2Ftags&post=34"}],"curies":[{"name":"wp","href":"https:\/\/api.w.org\/{rel}","templated":true}]}}