{"id":40,"date":"2025-08-25T15:38:36","date_gmt":"2025-08-25T18:38:36","guid":{"rendered":"https:\/\/bvg.net.br\/?p=40"},"modified":"2025-08-25T15:38:36","modified_gmt":"2025-08-25T18:38:36","slug":"origem-religiosa-e-formacao-da-cidade","status":"publish","type":"post","link":"https:\/\/bvg.net.br\/?p=40","title":{"rendered":"Origem Religiosa e Forma\u00e7\u00e3o da Cidade"},"content":{"rendered":"\n<h2 class=\"wp-block-heading\">A cidade nasceu em torno da f\u00e9: o arraial se formou sob a <strong>Capela de S\u00e3o Sebasti\u00e3o<\/strong>, erguida por <strong>Dona Josefa Teles<\/strong>, irm\u00e3 de um dos donat\u00e1rios \u2013 um ponto de converg\u00eancia espiritual que uniu moradores e atra\u00edu novos habitantes \u00e0 regi\u00e3o <a href=\"https:\/\/pt.scribd.com\/document\/349973468\/HISTORIA-BELA-VISTA-DE-GOIAS-revisada-2017-pdf?utm_source=chatgpt.com\" target=\"_blank\" rel=\"noreferrer noopener\">Scribd<\/a><a href=\"https:\/\/www.docsity.com\/pt\/docs\/livro-reportagem-dama-dos-buritizais-sussurrantes-a-historia-de-bela-vista-de-goias\/4890531\/?utm_source=chatgpt.com\" target=\"_blank\" rel=\"noreferrer noopener\">Docsity<\/a>.<\/h2>\n\n\n\n<ul class=\"wp-block-list\">\n<li>Em <strong>1875<\/strong>, foi inaugurada a <strong>Igreja Matriz<\/strong>, constru\u00edda por Ant\u00f4nio Amaro Silva Canedo. No ano seguinte, o bispo Dom Joaquim Gon\u00e7alves de Azevedo criou o <strong>Curato de Bela Vista<\/strong>, com orago de <strong>Nossa Senhora da Piedade<\/strong>. Nesse contexto, surgiram tamb\u00e9m as primeiras manifesta\u00e7\u00f5es religiosas comunit\u00e1rias \u2014 novenas, missas e prociss\u00f5es <a href=\"https:\/\/www.docsity.com\/pt\/docs\/livro-reportagem-dama-dos-buritizais-sussurrantes-a-historia-de-bela-vista-de-goias\/4890531\/?utm_source=chatgpt.com\" target=\"_blank\" rel=\"noreferrer noopener\">Docsity<\/a>.<\/li>\n<\/ul>\n\n\n\n<hr class=\"wp-block-separator has-alpha-channel-opacity\"\/>\n\n\n\n<h2 class=\"wp-block-heading\">Festa da Padroeira: Nossa Senhora da Piedade<\/h2>\n\n\n\n<ul class=\"wp-block-list\">\n<li>A devo\u00e7\u00e3o \u00e0 Padroeira \u00e9 viva: desde a forma\u00e7\u00e3o do arraial h\u00e1 cerca de <strong>150 anos<\/strong> <a href=\"https:\/\/www.docsity.com\/pt\/docs\/livro-reportagem-dama-dos-buritizais-sussurrantes-a-historia-de-bela-vista-de-goias\/4890531\/?utm_source=chatgpt.com\" target=\"_blank\" rel=\"noreferrer noopener\">Docsity<\/a><a href=\"https:\/\/portal.al.go.leg.br\/noticias\/139119\/?utm_source=chatgpt.com\" target=\"_blank\" rel=\"noreferrer noopener\">Portal da Alego<\/a>.<\/li>\n\n\n\n<li>A <strong>Festa de Julho<\/strong>, realizada nas duas \u00faltimas semanas de julho, re\u00fane fi\u00e9is em novenas, missas campais, prociss\u00f5es e barraquinhas \u2014 um forte elo entre religiosidade, cultura e economia local <a href=\"https:\/\/portal.al.go.leg.br\/noticias\/139119\/?utm_source=chatgpt.com\" target=\"_blank\" rel=\"noreferrer noopener\">Portal da Alego<\/a>.<\/li>\n\n\n\n<li>Em <strong>novembro de 2023<\/strong>, essa festividade foi oficialmente inclu\u00edda no <strong>Calend\u00e1rio C\u00edvico, Cultural e Tur\u00edstico de Goi\u00e1s<\/strong>, como reconhecimento de seu valor hist\u00f3rico e cultural <a href=\"https:\/\/portal.al.go.leg.br\/noticias\/139119\/?utm_source=chatgpt.com\" target=\"_blank\" rel=\"noreferrer noopener\">Portal da Alego+1<\/a>.<\/li>\n<\/ul>\n\n\n\n<hr class=\"wp-block-separator has-alpha-channel-opacity\"\/>\n\n\n\n<h2 class=\"wp-block-heading\">Outras Express\u00f5es da F\u00e9 Popular<\/h2>\n\n\n\n<ul class=\"wp-block-list\">\n<li>A <strong>Folia de Reis<\/strong>, manifesta\u00e7\u00e3o tradicional com grupos que percorrem resid\u00eancias com m\u00fasica, dan\u00e7as e alegria, continua forte. Em 2024, foi declarada <strong>patrim\u00f4nio cultural imaterial<\/strong> de Bela Vista, e o <strong>6 de janeiro<\/strong> foi institu\u00eddo como seu <strong>Dia Municipal<\/strong> <a href=\"https:\/\/cincodejunho.com.br\/news\/fe-e-tradicao-permanecem-vivas-na-folia-de-reis-em-bela-vista-de-goias?utm_source=chatgpt.com\" target=\"_blank\" rel=\"noreferrer noopener\">Cinco de Junho<\/a>.<\/li>\n<\/ul>\n\n\n\n<hr class=\"wp-block-separator has-alpha-channel-opacity\"\/>\n\n\n\n<h2 class=\"wp-block-heading\">Diversidade Religiosa<\/h2>\n\n\n\n<ul class=\"wp-block-list\">\n<li>Al\u00e9m do catolicismo, Bela Vista abriga outras express\u00f5es de f\u00e9:\n<ul class=\"wp-block-list\">\n<li><strong>Igrejas evang\u00e9licas<\/strong>, como Assembleia de Deus, Primeira Igreja Batista e Igreja de Cristo.<\/li>\n\n\n\n<li>Um <strong>Centro Esp\u00edrita \u201cLuz e Caridade\u201d<\/strong>, alinhado \u00e0s doutrinas de Allan Kardec.<\/li>\n\n\n\n<li>Movimentos como o <strong>Rotary Club<\/strong> e a <strong>Loja Ma\u00e7\u00f4nica P\u00e9rola do Sul n\u00ba 48<\/strong> tamb\u00e9m exercem papel social e cultural importante na cidade <a href=\"https:\/\/www.docsity.com\/pt\/docs\/livro-reportagem-dama-dos-buritizais-sussurrantes-a-historia-de-bela-vista-de-goias\/4890531\/?utm_source=chatgpt.com\" target=\"_blank\" rel=\"noreferrer noopener\">Docsity<\/a>.<\/li>\n<\/ul>\n<\/li>\n<\/ul>\n\n\n\n<hr class=\"wp-block-separator has-alpha-channel-opacity\"\/>\n\n\n\n<h2 class=\"wp-block-heading\">Origens Religiosas<\/h2>\n\n\n\n<p>A forma\u00e7\u00e3o de Bela Vista de Goi\u00e1s est\u00e1 intrinsecamente ligada \u00e0 f\u00e9. O arraial cresceu ao redor da Capela de S\u00e3o Sebasti\u00e3o, erguida por Dona Josefa Teles. Posteriormente, a constru\u00e7\u00e3o da Igreja Matriz por Ant\u00f4nio Amaro Silva Canedo, e a cria\u00e7\u00e3o do Curato com orago de Nossa Senhora da Piedade, deram \u00e0 cidade uma base espiritual forte.<\/p>\n\n\n\n<h3 class=\"wp-block-heading\">F\u00e9 em Festejos e Mem\u00f3ria<\/h3>\n\n\n\n<ul class=\"wp-block-list\">\n<li><strong>Festa da Padroeira (Nossa Senhora da Piedade)<\/strong>: celebra\u00e7\u00e3o centen\u00e1ria, marcada por novenas, missas, prociss\u00f5es e atividades culturais.<\/li>\n\n\n\n<li><strong>Relev\u00e2ncia hist\u00f3rica<\/strong>: desde 2023, oficialmente reconhecida como evento c\u00edvico, cultural e tur\u00edstico do Estado de Goi\u00e1s.<\/li>\n<\/ul>\n\n\n\n<h3 class=\"wp-block-heading\">Tradi\u00e7\u00f5es Vivas<\/h3>\n\n\n\n<ul class=\"wp-block-list\">\n<li><strong>Folia de Reis<\/strong>: patrim\u00f4nio cultural imaterial, celebrada at\u00e9 hoje \u2014 com m\u00fasica, dan\u00e7a e costumes populares que refor\u00e7am a identidade local.<\/li>\n<\/ul>\n\n\n\n<h3 class=\"wp-block-heading\">Panorama Religioso Contempor\u00e2neo<\/h3>\n\n\n\n<ul class=\"wp-block-list\">\n<li>Predomin\u00e2ncia tradicional cat\u00f3lica.<\/li>\n\n\n\n<li>Crescimento de <strong>denomina\u00e7\u00f5es evang\u00e9licas<\/strong> e presen\u00e7a do <strong>Espiritismo<\/strong>.<\/li>\n\n\n\n<li>Atividades de grupos comunit\u00e1rios que expandem a influ\u00eancia social e cultural da religiosidade na cidade.<\/li>\n<\/ul>\n","protected":false},"excerpt":{"rendered":"<p>A cidade nasceu em torno da f\u00e9: o arraial se formou sob a Capela de S\u00e3o Sebasti\u00e3o, erguida por Dona Josefa Teles, irm\u00e3 de um dos donat\u00e1rios \u2013 um ponto de converg\u00eancia espiritual que uniu moradores e atra\u00edu novos habitantes \u00e0 regi\u00e3o ScribdDocsity. Festa da Padroeira: Nossa Senhora da Piedade Outras Express\u00f5es da F\u00e9 Popular [&hellip;]<\/p>\n","protected":false},"author":1,"featured_media":0,"comment_status":"open","ping_status":"open","sticky":false,"template":"","format":"standard","meta":{"footnotes":""},"categories":[1],"tags":[],"class_list":["post-40","post","type-post","status-publish","format-standard","hentry","category-nao-classificado"],"_links":{"self":[{"href":"https:\/\/bvg.net.br\/index.php?rest_route=\/wp\/v2\/posts\/40","targetHints":{"allow":["GET"]}}],"collection":[{"href":"https:\/\/bvg.net.br\/index.php?rest_route=\/wp\/v2\/posts"}],"about":[{"href":"https:\/\/bvg.net.br\/index.php?rest_route=\/wp\/v2\/types\/post"}],"author":[{"embeddable":true,"href":"https:\/\/bvg.net.br\/index.php?rest_route=\/wp\/v2\/users\/1"}],"replies":[{"embeddable":true,"href":"https:\/\/bvg.net.br\/index.php?rest_route=%2Fwp%2Fv2%2Fcomments&post=40"}],"version-history":[{"count":1,"href":"https:\/\/bvg.net.br\/index.php?rest_route=\/wp\/v2\/posts\/40\/revisions"}],"predecessor-version":[{"id":41,"href":"https:\/\/bvg.net.br\/index.php?rest_route=\/wp\/v2\/posts\/40\/revisions\/41"}],"wp:attachment":[{"href":"https:\/\/bvg.net.br\/index.php?rest_route=%2Fwp%2Fv2%2Fmedia&parent=40"}],"wp:term":[{"taxonomy":"category","embeddable":true,"href":"https:\/\/bvg.net.br\/index.php?rest_route=%2Fwp%2Fv2%2Fcategories&post=40"},{"taxonomy":"post_tag","embeddable":true,"href":"https:\/\/bvg.net.br\/index.php?rest_route=%2Fwp%2Fv2%2Ftags&post=40"}],"curies":[{"name":"wp","href":"https:\/\/api.w.org\/{rel}","templated":true}]}}