{"id":46,"date":"2025-08-25T15:55:34","date_gmt":"2025-08-25T18:55:34","guid":{"rendered":"https:\/\/bvg.net.br\/?p=46"},"modified":"2025-08-25T15:55:34","modified_gmt":"2025-08-25T18:55:34","slug":"arquivo-de-fotos-da-primeira-versao-do-site-de-bela-vista-de-goias","status":"publish","type":"post","link":"https:\/\/bvg.net.br\/?p=46","title":{"rendered":"Arquivo de fotos da primeira vers\u00e3o do site de Bela Vista de Goi\u00e1s"},"content":{"rendered":"\n<h3 class=\"wp-block-heading\"><\/h3>\n\n\n\n<p>Atendendo a pedidos de muitos internautas e sendo de meu conhecimento o quanto \u00e9 importante reativar a se\u00e7\u00e3o das coberturas de eventos, estamos preparando para publica\u00e7\u00e3o os antigos \u00e1lbuns que marcaram a hist\u00f3ria da primeira vers\u00e3o do site de Bela Vista de Goi\u00e1s.<\/p>\n\n\n\n<p>Naquela \u00e9poca, atrav\u00e9s do <strong>belavistanet.com<\/strong>, que hoje \u00e9 o <strong>bvg.net.br<\/strong>, muitos puderam acompanhar online as fotos e registros de festas, encontros e momentos importantes da cidade. Esses \u00e1lbuns foram, por muito tempo, uma verdadeira vitrine da nossa cultura, tradi\u00e7\u00f5es e da vida social de Bela Vista.<\/p>\n\n\n\n<p>Agora, com o objetivo de resgatar essa mem\u00f3ria e disponibilizar novamente esse conte\u00fado, estamos organizando os arquivos para que todos possam reviver e compartilhar essas lembran\u00e7as.<\/p>\n\n\n\n<p>Por\u00e9m, gostaria muito de contar com a participa\u00e7\u00e3o daqueles que sempre me apoiaram. Se voc\u00ea foi um dos que acompanhava as coberturas e deseja ver esse projeto de volta, envie um <strong>direct em meu Instagram<\/strong>. Assim, consigo mensurar melhor o interesse do p\u00fablico e direcionar o trabalho de forma que atenda a todos.<\/p>\n\n\n\n<p>\ud83d\udcf8\u2728<br>\u27a1\ufe0f <strong>Instagram:<\/strong> <a href=\"https:\/\/instagram.com\/marcio.alcantara.oficial\">instagram.com\/marcio.alcantara.oficial<\/a><\/p>\n","protected":false},"excerpt":{"rendered":"<p>Atendendo a pedidos de muitos internautas e sendo de meu conhecimento o quanto \u00e9 importante reativar a se\u00e7\u00e3o das coberturas de eventos, estamos preparando para publica\u00e7\u00e3o os antigos \u00e1lbuns que marcaram a hist\u00f3ria da primeira vers\u00e3o do site de Bela Vista de Goi\u00e1s. Naquela \u00e9poca, atrav\u00e9s do belavistanet.com, que hoje \u00e9 o bvg.net.br, muitos puderam [&hellip;]<\/p>\n","protected":false},"author":1,"featured_media":0,"comment_status":"open","ping_status":"open","sticky":false,"template":"","format":"standard","meta":{"footnotes":""},"categories":[1],"tags":[],"class_list":["post-46","post","type-post","status-publish","format-standard","hentry","category-nao-classificado"],"_links":{"self":[{"href":"https:\/\/bvg.net.br\/index.php?rest_route=\/wp\/v2\/posts\/46","targetHints":{"allow":["GET"]}}],"collection":[{"href":"https:\/\/bvg.net.br\/index.php?rest_route=\/wp\/v2\/posts"}],"about":[{"href":"https:\/\/bvg.net.br\/index.php?rest_route=\/wp\/v2\/types\/post"}],"author":[{"embeddable":true,"href":"https:\/\/bvg.net.br\/index.php?rest_route=\/wp\/v2\/users\/1"}],"replies":[{"embeddable":true,"href":"https:\/\/bvg.net.br\/index.php?rest_route=%2Fwp%2Fv2%2Fcomments&post=46"}],"version-history":[{"count":1,"href":"https:\/\/bvg.net.br\/index.php?rest_route=\/wp\/v2\/posts\/46\/revisions"}],"predecessor-version":[{"id":47,"href":"https:\/\/bvg.net.br\/index.php?rest_route=\/wp\/v2\/posts\/46\/revisions\/47"}],"wp:attachment":[{"href":"https:\/\/bvg.net.br\/index.php?rest_route=%2Fwp%2Fv2%2Fmedia&parent=46"}],"wp:term":[{"taxonomy":"category","embeddable":true,"href":"https:\/\/bvg.net.br\/index.php?rest_route=%2Fwp%2Fv2%2Fcategories&post=46"},{"taxonomy":"post_tag","embeddable":true,"href":"https:\/\/bvg.net.br\/index.php?rest_route=%2Fwp%2Fv2%2Ftags&post=46"}],"curies":[{"name":"wp","href":"https:\/\/api.w.org\/{rel}","templated":true}]}}